{"id":59,"date":"2020-12-16T09:46:00","date_gmt":"2020-12-16T08:46:00","guid":{"rendered":"https:\/\/www.jswnoweprojekty.pl\/sensevr\/?p=59"},"modified":"2024-05-10T09:53:35","modified_gmt":"2024-05-10T07:53:35","slug":"projekt-sense-vr-debiutuje-na-miedzynarodowej-konferencji-naukowej","status":"publish","type":"post","link":"https:\/\/www.jsw.pl\/sensevr\/projekt-sense-vr-debiutuje-na-miedzynarodowej-konferencji-naukowej\/","title":{"rendered":"Projekt SENSE VR debiutuje na mi\u0119dzynarodowej konferencji naukowej"},"content":{"rendered":"\n<p>Projekt SENSE VR, kt\u00f3ry jest pionierem w wykorzystaniu wirtualnej rzeczywisto\u015bci w szkoleniach g\u00f3rniczych, zadebiutowa\u0142 na arenie naukowej podczas 21. Mi\u0119dzynarodowej Konferencji Naukowo-Technicznej, Innowacyjne Techniki i Technologie dla G\u00f3rnictwa. Prezentacja, kt\u00f3r\u0105 prowadzi\u0142 dr in\u017c. Krzysztof Ka\u017amierczak, Kierownik B+R Projektu, by\u0142a jednym z wydarze\u0144 podczas tego presti\u017cowego wydarzenia.<\/p>\n\n\n\n<p>W trakcie&nbsp;wyst\u0105pienia, kt\u00f3re odby\u0142o si\u0119 online 4 listopada 2020 roku, pierwszego dnia konferencji, Krzysztof Ka\u017amierczak przedstawi\u0142 temat &#8222;Poprawa bezpiecze\u0144stwa pracy oraz komunikacji ma\u0142ych zespo\u0142\u00f3w roboczych z wykorzystaniem sieciowego \u015brodowiska VR&#8221;. Jego prezentacja skupi\u0142a si\u0119 na og\u00f3lnych za\u0142o\u017ceniach projektu oraz celach, jakie stawia sobie konsorcjum projektowe.<\/p>\n\n\n\n<p>Wydarzenie to by\u0142o doskona\u0142\u0105 okazj\u0105 do zaprezentowania potencja\u0142u projektu SENSE VR oraz jego wk\u0142adu w popraw\u0119 bezpiecze\u0144stwa w sektorze g\u00f3rniczym. Prezentacja zosta\u0142a przyj\u0119ta z entuzjazmem przez uczestnik\u00f3w konferencji, co potwierdza zainteresowanie spo\u0142eczno\u015bci naukowej wirtualn\u0105 rzeczywisto\u015bci\u0105 jako narz\u0119dziem szkoleniowym.<\/p>\n\n\n\n<p><a href=\"https:\/\/www.jsw.pl\/biuro-prasowe\/aktualnosci\/artykul\/innowacyjne-gornictwo-on-line\">Strona Konferencji<\/a><\/p>\n\n\n\n<p><a href=\"https:\/\/www.jsw.pl\/fileadmin\/user_files\/aktualnosci\/2020\/20201102\/PROGRAM_KONFERENCJI_online_3.11.2020-1.pdf\">Program Konferencji<\/a><\/p>\n\n\n\n<figure class=\"wp-block-image size-full\"><img loading=\"lazy\" decoding=\"async\" width=\"1024\" height=\"1024\" src=\"https:\/\/www.jsw.pl\/sensevr\/wp-content\/uploads\/2024\/05\/obraz-GZN-2020.png\" alt=\"\" class=\"wp-image-62\" srcset=\"https:\/\/www.jsw.pl\/sensevr\/wp-content\/uploads\/2024\/05\/obraz-GZN-2020.png 1024w, https:\/\/www.jsw.pl\/sensevr\/wp-content\/uploads\/2024\/05\/obraz-GZN-2020-300x300.png 300w, https:\/\/www.jsw.pl\/sensevr\/wp-content\/uploads\/2024\/05\/obraz-GZN-2020-150x150.png 150w, https:\/\/www.jsw.pl\/sensevr\/wp-content\/uploads\/2024\/05\/obraz-GZN-2020-768x768.png 768w\" sizes=\"(max-width: 1024px) 100vw, 1024px\" \/><\/figure>\n","protected":false},"excerpt":{"rendered":"<p>Projekt SENSE VR, kt\u00f3ry jest pionierem w wykorzystaniu wirtualnej rzeczywisto\u015bci w szkoleniach g\u00f3rniczych, zadebiutowa\u0142 na [&hellip;]<\/p>\n","protected":false},"author":2,"featured_media":62,"comment_status":"open","ping_status":"open","sticky":false,"template":"","format":"standard","meta":{"_acf_changed":false,"footnotes":""},"categories":[1],"tags":[],"acf":[],"_links":{"self":[{"href":"https:\/\/www.jsw.pl\/sensevr\/wp-json\/wp\/v2\/posts\/59"}],"collection":[{"href":"https:\/\/www.jsw.pl\/sensevr\/wp-json\/wp\/v2\/posts"}],"about":[{"href":"https:\/\/www.jsw.pl\/sensevr\/wp-json\/wp\/v2\/types\/post"}],"author":[{"embeddable":true,"href":"https:\/\/www.jsw.pl\/sensevr\/wp-json\/wp\/v2\/users\/2"}],"replies":[{"embeddable":true,"href":"https:\/\/www.jsw.pl\/sensevr\/wp-json\/wp\/v2\/comments?post=59"}],"version-history":[{"count":1,"href":"https:\/\/www.jsw.pl\/sensevr\/wp-json\/wp\/v2\/posts\/59\/revisions"}],"predecessor-version":[{"id":63,"href":"https:\/\/www.jsw.pl\/sensevr\/wp-json\/wp\/v2\/posts\/59\/revisions\/63"}],"wp:featuredmedia":[{"embeddable":true,"href":"https:\/\/www.jsw.pl\/sensevr\/wp-json\/wp\/v2\/media\/62"}],"wp:attachment":[{"href":"https:\/\/www.jsw.pl\/sensevr\/wp-json\/wp\/v2\/media?parent=59"}],"wp:term":[{"taxonomy":"category","embeddable":true,"href":"https:\/\/www.jsw.pl\/sensevr\/wp-json\/wp\/v2\/categories?post=59"},{"taxonomy":"post_tag","embeddable":true,"href":"https:\/\/www.jsw.pl\/sensevr\/wp-json\/wp\/v2\/tags?post=59"}],"curies":[{"name":"wp","href":"https:\/\/api.w.org\/{rel}","templated":true}]}}