{"id":55,"date":"2020-11-04T09:39:00","date_gmt":"2020-11-04T08:39:00","guid":{"rendered":"https:\/\/www.jswnoweprojekty.pl\/sensevr\/?p=55"},"modified":"2024-05-10T09:44:29","modified_gmt":"2024-05-10T07:44:29","slug":"projekt-sense-vr-rozwiazaniem-kwestii-szkolen-gorniczych-w-czasie-pandemii-covid-19","status":"publish","type":"post","link":"https:\/\/www.jsw.pl\/sensevr\/projekt-sense-vr-rozwiazaniem-kwestii-szkolen-gorniczych-w-czasie-pandemii-covid-19\/","title":{"rendered":"Projekt SENSE VR rozwi\u0105zaniem kwestii szkole\u0144 g\u00f3rniczych w czasie pandemii COVID-19"},"content":{"rendered":"\n<p>Projekt SENSE VR, innowacyjna inicjatywa wykorzystuj\u0105ca wirtualn\u0105 rzeczywisto\u015b\u0107 w szkoleniach g\u00f3rniczych, wzi\u0105\u0142 udzia\u0142 w presti\u017cowej XXVII Mi\u0119dzynarodowej Konferencji Naukowo-Technicznej G\u00f3rnicze Zagro\u017cenia Naturalne 2020 w postaci&nbsp;prezentacji online, poprowadzonej przez Kierownika B+R Projektu, Krzysztofa Ka\u017amierczaka, pod tytu\u0142em &#8222;Projekt SENSE VR dla ratownik\u00f3w g\u00f3rniczych w czasie pandemii COVID-19&#8221;.<\/p>\n\n\n\n<p>Konferencja, kt\u00f3ra odby\u0142a si\u0119 w dniach 16-17 grudnia 2020 roku, zgromadzi\u0142a ponad 2600 uczestnik\u00f3w online, kt\u00f3rzy z zainteresowaniem uczestniczyli w dyskusjach na temat &#8222;Nowych i starych zagro\u017ce\u0144 w kopalniach&#8221;. Szczeg\u00f3lne zainteresowanie wzbudzi\u0142a sesja po\u015bwi\u0119cona zagro\u017ceniu SARS-CoV-2, co potwierdza aktualno\u015b\u0107 tematu i potrzeb\u0119 dyskusji na ten temat w bran\u017cy g\u00f3rniczej.<\/p>\n\n\n\n<p>W prezentacji projektu SENSE VR zaprezentowano koncepcj\u0119 szkole\u0144 wirtualnej rzeczywisto\u015bci dla g\u00f3rnik\u00f3w, z wykorzystaniem technologii wykorzystywanej w projekcie. Podkre\u015blono mo\u017cliwo\u015b\u0107 realizacji tych szkole\u0144 w wieloosobowym \u015brodowisku za po\u015brednictwem Internetu, umo\u017cliwiaj\u0105c ka\u017cdemu uczestnikowi uczestnictwo bez wzgl\u0119du na lokalizacj\u0119.<\/p>\n\n\n\n<p>Udzia\u0142 w tej konferencji umo\u017cliwi\u0142 projektowi SENSE VR zaprezentowanie swojego wk\u0142adu w popraw\u0119 bezpiecze\u0144stwa w g\u00f3rnictwie, szczeg\u00f3lnie w kontek\u015bcie zmian i wyzwa\u0144 zwi\u0105zanych z pandemi\u0105 COVID-19.<\/p>\n\n\n\n<figure class=\"wp-block-embed aligncenter is-type-wp-embed is-provider-xxx-mi-dzynarodowa-konferencja-naukowo-techniczna-g-rnicze-zagro-enia-naturalne wp-block-embed-xxx-mi-dzynarodowa-konferencja-naukowo-techniczna-g-rnicze-zagro-enia-naturalne\"><div class=\"wp-block-embed__wrapper\">\n<blockquote class=\"wp-embedded-content\" data-secret=\"C34t5VfWEw\"><a href=\"https:\/\/gzn.gig.eu\/poprzednie-edycje-gzn-2020\/\">Poprzednie edycje: GZN 2020<\/a><\/blockquote><iframe class=\"wp-embedded-content\" sandbox=\"allow-scripts\" security=\"restricted\" style=\"position: absolute; clip: rect(1px, 1px, 1px, 1px);\" title=\"&#8222;Poprzednie edycje: GZN 2020&#8221; &#8212; XXX Mi\u0119dzynarodowa Konferencja Naukowo-Techniczna G\u00f3rnicze Zagro\u017cenia Naturalne\" src=\"https:\/\/gzn.gig.eu\/poprzednie-edycje-gzn-2020\/embed\/#?secret=glNcd6DxEF#?secret=C34t5VfWEw\" data-secret=\"C34t5VfWEw\" width=\"500\" height=\"282\" frameborder=\"0\" marginwidth=\"0\" marginheight=\"0\" scrolling=\"no\"><\/iframe>\n<\/div><\/figure>\n\n\n\n<figure class=\"wp-block-image size-full\"><img loading=\"lazy\" decoding=\"async\" width=\"1024\" height=\"1024\" src=\"https:\/\/www.jsw.pl\/sensevr\/wp-content\/uploads\/2024\/05\/obraz.png\" alt=\"\" class=\"wp-image-56\" srcset=\"https:\/\/www.jsw.pl\/sensevr\/wp-content\/uploads\/2024\/05\/obraz.png 1024w, https:\/\/www.jsw.pl\/sensevr\/wp-content\/uploads\/2024\/05\/obraz-300x300.png 300w, https:\/\/www.jsw.pl\/sensevr\/wp-content\/uploads\/2024\/05\/obraz-150x150.png 150w, https:\/\/www.jsw.pl\/sensevr\/wp-content\/uploads\/2024\/05\/obraz-768x768.png 768w\" sizes=\"(max-width: 1024px) 100vw, 1024px\" \/><\/figure>\n","protected":false},"excerpt":{"rendered":"<p>Projekt SENSE VR, innowacyjna inicjatywa wykorzystuj\u0105ca wirtualn\u0105 rzeczywisto\u015b\u0107 w szkoleniach g\u00f3rniczych, wzi\u0105\u0142 udzia\u0142 w presti\u017cowej [&hellip;]<\/p>\n","protected":false},"author":2,"featured_media":56,"comment_status":"open","ping_status":"open","sticky":false,"template":"","format":"standard","meta":{"_acf_changed":false,"footnotes":""},"categories":[1],"tags":[],"acf":[],"_links":{"self":[{"href":"https:\/\/www.jsw.pl\/sensevr\/wp-json\/wp\/v2\/posts\/55"}],"collection":[{"href":"https:\/\/www.jsw.pl\/sensevr\/wp-json\/wp\/v2\/posts"}],"about":[{"href":"https:\/\/www.jsw.pl\/sensevr\/wp-json\/wp\/v2\/types\/post"}],"author":[{"embeddable":true,"href":"https:\/\/www.jsw.pl\/sensevr\/wp-json\/wp\/v2\/users\/2"}],"replies":[{"embeddable":true,"href":"https:\/\/www.jsw.pl\/sensevr\/wp-json\/wp\/v2\/comments?post=55"}],"version-history":[{"count":2,"href":"https:\/\/www.jsw.pl\/sensevr\/wp-json\/wp\/v2\/posts\/55\/revisions"}],"predecessor-version":[{"id":58,"href":"https:\/\/www.jsw.pl\/sensevr\/wp-json\/wp\/v2\/posts\/55\/revisions\/58"}],"wp:featuredmedia":[{"embeddable":true,"href":"https:\/\/www.jsw.pl\/sensevr\/wp-json\/wp\/v2\/media\/56"}],"wp:attachment":[{"href":"https:\/\/www.jsw.pl\/sensevr\/wp-json\/wp\/v2\/media?parent=55"}],"wp:term":[{"taxonomy":"category","embeddable":true,"href":"https:\/\/www.jsw.pl\/sensevr\/wp-json\/wp\/v2\/categories?post=55"},{"taxonomy":"post_tag","embeddable":true,"href":"https:\/\/www.jsw.pl\/sensevr\/wp-json\/wp\/v2\/tags?post=55"}],"curies":[{"name":"wp","href":"https:\/\/api.w.org\/{rel}","templated":true}]}}